{"id":278,"date":"2025-09-09T14:56:03","date_gmt":"2025-09-09T14:56:03","guid":{"rendered":"https:\/\/forsite-verlag.de\/aktuell\/?p=278"},"modified":"2025-09-09T14:56:03","modified_gmt":"2025-09-09T14:56:03","slug":"vor-25-jahren-begann-die-doener-mordserie-der-inszenierte-nsu-terror","status":"publish","type":"post","link":"https:\/\/forsite-verlag.de\/aktuell\/?p=278","title":{"rendered":"Vor 25 Jahren begann die D\u00f6ner-Mordserie &#8211; der inszenierte \u201eNSU-Terror\u201c"},"content":{"rendered":"<p><em>Vor 25 Jahren begann mit einem Mord an einem t\u00fcrkischen Blumenh\u00e4ndler in N\u00fcrnberg die damals als \u201eD\u00f6ner-Morde\u201c bezeichnete Verbrechenswelle, der bundesweit 9 Migranten zum Opfer fielen. Nachdem 2011 zwei junge M\u00e4nner erschossen in einem Wohnmobil in Eisenach aufgefunden worden waren, wurde diese Mordserie zusammen mit einem Polizistenmord in Heilbronn 2007 zur Tatserie eines \u201erechtsradikalen Terrornetzwerks\u201c umgedeutet, das sich den Namen \u201eNationalsozialistischer Untergrund (NSU)\u201c gegeben habe. <\/em><\/p>\n<p><strong>Das offizielle Narrativ<\/strong><\/p>\n<p>Dem innerhalb eines langwierigen Verfahrens vermeintlich best\u00e4tigtem offiziellem Narrativ zufolge sollen sich am 4. November 2011 Uwe Mundlos und Uwe B\u00f6hnhardt nach einem Bank\u00fcberfall in Eisenach mit einer \u201eLangwaffe\u201c (Gewehr) erschossen haben, nachdem sie von einer Polizeistreife entdeckt worden waren. Bei der Untersuchung des Wohnmobils sei man dann auf Dienstwaffen und weitere Gegenst\u00e4nde gesto\u00dfen, die bei einem \u00dcberfall auf zwei Polizisten in Heilbronn im Jahr 2007 geraubt worden waren. Bei der Tat war eine aus Th\u00fcringen stammende Polizistin erschossen und ihr Kollege so schwer verletzt worden, da\u00df er auch nach seiner Genesung keine genauen Angaben zur Tat mehr geben konnte. Wenige Tage sp\u00e4ter wurde in der Wohnung der Toten eine Tatwaffe der 2007 abrupt beendeten \u201eD\u00f6nermord-Serie\u201c gefunden. Mit dieser Waffe, einer tschechischen Ceska Typ 83, Kaliber 7,65 mm, wurden mehrere Taten einer Mordserie ver\u00fcbt, der zwischen 2000 und 2006 insgesamt neun Ladenbetreiber t\u00fcrkischer und griechischer Herkunft zum Opfer gefallen waren. Laut der von Bundesanwalt Harald Range verantworteten sp\u00e4teren Anklageschrift  sollen die beiden Neonazis Mundlos und B\u00f6hnhardt gemeinsam mit ihrer Komplizin Beate Zsch\u00e4pe seit 2008 in einem Haus im s\u00e4chsischen Zwickau gelebt haben. Von hier sollen sie zumeist mit einem Wohnmobil regelm\u00e4\u00dfig zu Fahrten innerhalb Deutschlands aufgebrochen sein, in deren Verlauf sie ausl\u00e4ndische Inhaber kleiner Gesch\u00e4fte erschossen haben sollen. Das Wohnhaus soll Zsch\u00e4pe kurz nach dem Tod ihrer beiden Komplizen in Brand gesetzt haben, um Spuren zu beseitigen.<\/p>\n<p><strong>Ungereimtheiten<\/strong><\/p>\n<p>F\u00fcr den unvoreingenommenen Beobachter mu\u00dfte die offizielle Version von Beginn an merkw\u00fcrdig erscheinen. Warum sollten sich radikale Killer selbst erschie\u00dfen, obwohl sich ihnen nur zwei Streifenpolizisten n\u00e4herten, die die beiden T\u00e4ter wohl problemlos aus dem Hinterhalt h\u00e4tten erschie\u00dfen k\u00f6nnen? Warum fuhren die T\u00e4ter durch ganz Deutschland um irgendwelche Kleingewerbetreibenden zu erschie\u00dfen, wenn es doch in ihrer Heimat an derlei ausl\u00e4ndisch gef\u00fchrten Gewerben &#8211; D\u00f6nerbuden, Internetcafes usw. &#8211; keinen Mangel gab? Warum hatte kein einziger der zahlreichen innerhalb der rechten Szene t\u00e4tigen V-Leute Meldung \u00fcber das Killertrio NSU erstattet. wo doch sogar im unmittelbaren Umfeld des NSU diverse V-Leute t\u00e4tig waren, darunter ein gewisser Tino Brandt? Warum bekannten sich die NSU-Mitglieder nicht zu ihren Taten, was typisch f\u00fcr Terroristen w\u00e4re, die ein Ziel verfolgen? Wenn sie mit ihren Taten ein Klima der Unsicherheit in Deutschland schaffen wollten, wie von der Bundesanwaltschaft behauptet, um Ausl\u00e4nder zur Auswanderung zu animieren, h\u00e4tten sie ihre Taten \u00f6ffentlich machen m\u00fcssen, was aber unterblieb. Zumindest bis zu ihrem Tod. Danach soll n\u00e4mlich Zsch\u00e4pe Bekennerbriefe in Form von professionellen Videos auf DVD an diverse Medien verschickt haben. In diesem 15-min\u00fctigen Zusammenschnitt von Trickfilmsequenzen aus \u201eDer rosarote Panther\u201c mit Bildern von Opfern der Mordserie, erschien erstmals auch die angebliche Selbstbezeichnung der vermeintlichen Terrorgruppe: \u201eNationalsozialistischer Untergrund\u201c (NSU).<\/p>\n<p><strong>Der Wahrheit auf der Spur<\/strong><\/p>\n<p>W\u00e4hrend die Medien selbst rechts von der Mitte zumeist brav dem offiziellen Narrativ folgten, begann ein Blogger interne Dokumente der Ermittlungsbeh\u00f6rden zu ver\u00f6ffentlichen: der sogenannte Fatalist stellte Tausende der geleakten Dokumente online, analysierte sie auf seinem NSU-Blog  und ebnete damit der Wahrheit hinter den offiziellen Thesen eine Gasse, wenn auch nur eine, die juristisch ins Nichts f\u00fchrte. Der Fatalist wies nach, da\u00df sich die beiden vorgeblichen Terroristen nicht selbst im Wohnmobil erschossen haben konnten, da sich keine Ru\u00dfablagerungen in ihren Lungen fanden, die aber zwangsl\u00e4ufig gewesen w\u00e4ren, wenn sie selbst das Wohnmobil angez\u00fcndet h\u00e4tten. Zudem fanden sich im Wohnmobil zwei leere Patronenh\u00fclsen aus der f\u00fcr den angeblichen Selbstmord verwendeten Pumpgun, obgleich die Waffe nicht automatisch repetiert. Wer also hatte die Waffe repetiert,  wenn beide tot waren?<br \/>\nDer Blogger ver\u00f6ffentlichte auch Fotos, die die Tasche zeigen, in der sich die der erschossenen Polizistin von Heilbronn entwendeten Dienstwaffe im Wohnmobil befand. Sie war anders als alles andere in den Fahrzeug unversehrt von irgendwelchen Brandspuren. Gleiches d\u00fcrfte die Waffe der D\u00f6nermordserie gelten, die wohlbehalten aus dem Schutt der Brandruine in Zwickau gefischt wurde. Die Ermittlungsbeh\u00f6rden h\u00e4tten die gegen sie  gerichteten Verd\u00e4chtigungen leicht ausr\u00e4umen k\u00f6nnen, indem sie Bilder pr\u00e4sentiert h\u00e4tten, die die eintreffende Feuerwehr innerhalb des Wohnmobils routinem\u00e4\u00dfig aufnahm. Diese waren jedoch auf Befehl  des Polizei-Einsatzleiters vor Ort vernichtet worden, der auch verf\u00fcgte, da\u00df das Wohnmobil unmittelbar in eine \u2013 nat\u00fcrlich unbewachte \u2013 Lagerhalle eines Abschleppunternehmers verbracht werden sollte, wo die weiteren Untersuchungen stattfanden. Eine bessere Gelegenheit, nachtr\u00e4glich Dinge in dem Wohnmobil zu positionieren, h\u00e4tte er anders nicht schaffen k\u00f6nnen.<br \/>\n  Hintergr\u00fcnde erfuhr der Besucher der Seite auch \u00fcber den seltsamen Verfassungssch\u00fctzer Andreas Temme aus Hessen, der w\u00e4hrend der Ermordung eines Internetcafe-Betreibers offensichtlich anwesend war. Denn Temme informierte nicht nur seinen Beh\u00f6rdenleiter, sondern dieser verriet in einem mitgeschnittenen und sp\u00e4ter ver\u00f6ffentlichten Telefonat, da\u00df die Beh\u00f6rde vor der Tat Bescheid gewu\u00dft haben mu\u00df. \u201eIch sage ja immer, wenn da was stattfindet, nicht hinfahren&#8230;\u201c<br \/>\nKontakte zum Verfassungsschutz mu\u00df auch Zsch\u00e4pe besessen habe: Vor ihrer Flucht wurde sie mehrfach von einer Nummer aus dem Th\u00fcringer Innenministerium angerufen, wobei Innenministerium ein Codewort f\u00fcr den Verfassungsschutz darstellt.<br \/>\nSchlie\u00dflich wies der Fatalist nach, da\u00df an keinem einzigen der Tatorte, zu denen auch mehrere ausgeraubte Banken und zwei Orte geh\u00f6rten, an denen Sprengstoffattentate ver\u00fcbt wurden, irgendwelche DNA-Spuren oder Fingerabdr\u00fccke der vermeintlichen NSU-Terroristen gefunden werden konnten. Die gesamte Indizienkette st\u00fctzte sich auf Funde innerhalb des Wohnmobils und der Zwickauer Brandruine, die allesamt nachtr\u00e4glich platziert worden sein k\u00f6nnten.<\/p>\n<p><strong>Was geschah wirklich?<\/strong><\/p>\n<p>Alles deutet daraufhin, da\u00df Mundlos. B\u00f6hnhardt und Zsch\u00e4pe zwar in kriminelle Aktivit\u00e4ten verwickelt gewesen sein k\u00f6nnten, aber von Verfassungsschutz\u00e4mtern \u00fcberwacht wurden. Erwiesen ist heute, da\u00df das th\u00fcringische Verfassungsschutz den drei angeblichen NSU-Terroristen nach deren Untertauchen mindestens zweimal Geldbetr\u00e4ge \u00fcber den V-Mann Tino Brand zukommen lie\u00df. Aus irgendeinem Grund wurden B\u00f6hnhard und Mundlos 2011 erschossen, wahrscheinlich au\u00dferhalb des Wohnmobils und erst sp\u00e4ter in das Fahrzeug gelegt. Nachdem das Wohnmobil in eine Lagerhalle abgeschleppt worden war, wurde dort die Waffe der erschossenen Polizistin deponiert. Kurz darauf wurde in der Zwickauer Brandruine die Tatwaffe der D\u00f6nermordserie hinterlegt. So konnten beide ungel\u00f6sten F\u00e4lle der vermeintlichen rechtsradikalen Terrorzelle untergeschoben werden. Auch die ebenfalls nachtr\u00e4glich in der Ruine versteckte Bekenner-CD diente dazu, die Tatbegehung durch die drei Personen zu untermauern. Alle Opfer gingen vermutlich in Wahrheit auf das Konto ausl\u00e4ndischer M\u00f6rder, wie auch ein Kronzeuge der D\u00f6nermord-Ermittlungen zuvor best\u00e4tigt hatte.<\/p>\n<p>Wenn B\u00f6hnhardt und Mundlos sich aber nicht selbst erschossen haben und nicht verantwortlich f\u00fcr die D\u00f6nermorde waren, bedeutet das nicht nur eine enge Verstrickung von Geheimdienstbeh\u00f6rden in den Fall, sondern auch, da\u00df staatliche Stellen zumindest die Verantwortung f\u00fcr die Nichtaufkl\u00e4rung zahlreicher Verbrechen, wenn nicht gar f\u00fcr einige der Morde selbst tragen.<\/p>\n<p><a href=\"https:\/\/parzifal-versand.de\/product_info.php?products_id=161\" target=\"_blank\">Weitere Hintergr\u00fcnde in der Ver\u00f6ffentlichung &#8222;Rechtsterrorismus und Geheimdienst&#8220;<\/a> <\/p>\n","protected":false},"excerpt":{"rendered":"<p>Vor 25 Jahren begann mit einem Mord an einem t\u00fcrkischen Blumenh\u00e4ndler in N\u00fcrnberg die damals als \u201eD\u00f6ner-Morde\u201c bezeichnete Verbrechenswelle, der bundesweit 9 Migranten zum Opfer fielen. Nachdem 2011 zwei junge M\u00e4nner erschossen in einem Wohnmobil in Eisenach aufgefunden worden waren, wurde diese Mordserie zusammen mit einem Polizistenmord in Heilbronn 2007 zur Tatserie eines \u201erechtsradikalen Terrornetzwerks\u201c [&hellip;]<\/p>\n","protected":false},"author":1,"featured_media":280,"comment_status":"open","ping_status":"open","sticky":false,"template":"","format":"standard","meta":{"footnotes":""},"categories":[151],"tags":[154,156,152,153,155],"class_list":["post-278","post","type-post","status-publish","format-standard","has-post-thumbnail","hentry","category-verschwoerung-geheimbuende","tag-doenermorde","tag-geheimdienst","tag-nsu","tag-verfassungsschutz","tag-verschwoerung"],"_links":{"self":[{"href":"https:\/\/forsite-verlag.de\/aktuell\/index.php?rest_route=\/wp\/v2\/posts\/278","targetHints":{"allow":["GET"]}}],"collection":[{"href":"https:\/\/forsite-verlag.de\/aktuell\/index.php?rest_route=\/wp\/v2\/posts"}],"about":[{"href":"https:\/\/forsite-verlag.de\/aktuell\/index.php?rest_route=\/wp\/v2\/types\/post"}],"author":[{"embeddable":true,"href":"https:\/\/forsite-verlag.de\/aktuell\/index.php?rest_route=\/wp\/v2\/users\/1"}],"replies":[{"embeddable":true,"href":"https:\/\/forsite-verlag.de\/aktuell\/index.php?rest_route=%2Fwp%2Fv2%2Fcomments&post=278"}],"version-history":[{"count":2,"href":"https:\/\/forsite-verlag.de\/aktuell\/index.php?rest_route=\/wp\/v2\/posts\/278\/revisions"}],"predecessor-version":[{"id":282,"href":"https:\/\/forsite-verlag.de\/aktuell\/index.php?rest_route=\/wp\/v2\/posts\/278\/revisions\/282"}],"wp:featuredmedia":[{"embeddable":true,"href":"https:\/\/forsite-verlag.de\/aktuell\/index.php?rest_route=\/wp\/v2\/media\/280"}],"wp:attachment":[{"href":"https:\/\/forsite-verlag.de\/aktuell\/index.php?rest_route=%2Fwp%2Fv2%2Fmedia&parent=278"}],"wp:term":[{"taxonomy":"category","embeddable":true,"href":"https:\/\/forsite-verlag.de\/aktuell\/index.php?rest_route=%2Fwp%2Fv2%2Fcategories&post=278"},{"taxonomy":"post_tag","embeddable":true,"href":"https:\/\/forsite-verlag.de\/aktuell\/index.php?rest_route=%2Fwp%2Fv2%2Ftags&post=278"}],"curies":[{"name":"wp","href":"https:\/\/api.w.org\/{rel}","templated":true}]}}